{"id":9375,"date":"2023-06-16T08:47:00","date_gmt":"2023-06-16T06:47:00","guid":{"rendered":"https:\/\/www.eproplast.com\/?p=9375"},"modified":"2023-12-19T11:22:47","modified_gmt":"2023-12-19T10:22:47","slug":"cosmetic-business-in-munich-2023","status":"publish","type":"post","link":"https:\/\/www.eproplast.com\/en\/2023\/06\/16\/cosmetic-business-in-muenchen-2023\/","title":{"rendered":"We were there! Cosmetic Business in Munich from 14.06. - 15.06.2023."},"content":{"rendered":"<div data-elementor-type=\"wp-post\" data-elementor-id=\"9375\" class=\"elementor elementor-9375\" data-elementor-post-type=\"post\">\n\t\t\t\t\t\t<section data-particle_enable=\"false\" data-particle-mobile-disabled=\"false\" class=\"elementor-section elementor-top-section elementor-element elementor-element-e462031 elementor-section-boxed elementor-section-height-default elementor-section-height-default\" data-id=\"e462031\" data-element_type=\"section\" data-e-type=\"section\" data-settings=\"{&quot;jet_parallax_layout_list&quot;:[]}\">\n\t\t\t\t\t\t<div class=\"elementor-container elementor-column-gap-default\">\n\t\t\t\t\t<div class=\"elementor-column elementor-col-100 elementor-top-column elementor-element elementor-element-52d67dd\" data-id=\"52d67dd\" data-element_type=\"column\" data-e-type=\"column\">\n\t\t\t<div class=\"elementor-widget-wrap elementor-element-populated\">\n\t\t\t\t\t\t<div class=\"elementor-element elementor-element-701bf89 elementor-widget elementor-widget-heading\" data-id=\"701bf89\" data-element_type=\"widget\" data-e-type=\"widget\" data-widget_type=\"heading.default\">\n\t\t\t\t<div class=\"elementor-widget-container\">\n\t\t\t\t\t<h3 class=\"elementor-heading-title elementor-size-default\">Thank you all who visited us at our booth!<\/h3>\t\t\t\t<\/div>\n\t\t\t\t<\/div>\n\t\t\t\t\t<\/div>\n\t\t<\/div>\n\t\t\t\t\t<\/div>\n\t\t<\/section>\n\t\t\t\t<section data-particle_enable=\"false\" data-particle-mobile-disabled=\"false\" class=\"elementor-section elementor-top-section elementor-element elementor-element-4266002a elementor-section-boxed elementor-section-height-default elementor-section-height-default\" data-id=\"4266002a\" data-element_type=\"section\" data-e-type=\"section\" data-settings=\"{&quot;jet_parallax_layout_list&quot;:[]}\">\n\t\t\t\t\t\t<div class=\"elementor-container elementor-column-gap-default\">\n\t\t\t\t\t<div class=\"elementor-column elementor-col-100 elementor-top-column elementor-element elementor-element-17b80c98\" data-id=\"17b80c98\" data-element_type=\"column\" data-e-type=\"column\">\n\t\t\t<div class=\"elementor-widget-wrap elementor-element-populated\">\n\t\t\t\t\t\t<div class=\"elementor-element elementor-element-7893c2af elementor-widget elementor-widget-text-editor\" data-id=\"7893c2af\" data-element_type=\"widget\" data-e-type=\"widget\" data-widget_type=\"text-editor.default\">\n\t\t\t\t<div class=\"elementor-widget-container\">\n\t\t\t\t\t\t\t\t\t<p>It was two exciting days full of interesting talks about PET, recycling and the perfect packaging solution.<\/p>\n<p>Es waren zwei spannende Tage voller interessanter Gespr\u00e4che \u00fcber PET, Recycling und die perfekte Verpackungsl\u00f6sung.\u00a0<\/p>\t\t\t\t\t\t\t\t<\/div>\n\t\t\t\t<\/div>\n\t\t\t\t\t<\/div>\n\t\t<\/div>\n\t\t\t\t\t<\/div>\n\t\t<\/section>\n\t\t\t\t<section data-particle_enable=\"false\" data-particle-mobile-disabled=\"false\" class=\"elementor-section elementor-top-section elementor-element elementor-element-b3cd93f elementor-section-boxed elementor-section-height-default elementor-section-height-default\" data-id=\"b3cd93f\" data-element_type=\"section\" data-e-type=\"section\" data-settings=\"{&quot;jet_parallax_layout_list&quot;:[]}\">\n\t\t\t\t\t\t<div class=\"elementor-container elementor-column-gap-default\">\n\t\t\t\t\t<div class=\"elementor-column elementor-col-100 elementor-top-column elementor-element elementor-element-eff4a3e\" data-id=\"eff4a3e\" data-element_type=\"column\" data-e-type=\"column\">\n\t\t\t<div class=\"elementor-widget-wrap elementor-element-populated\">\n\t\t\t\t\t\t<div class=\"elementor-element elementor-element-250e96f elementor-widget elementor-widget-text-editor\" data-id=\"250e96f\" data-element_type=\"widget\" data-e-type=\"widget\" data-widget_type=\"text-editor.default\">\n\t\t\t\t<div class=\"elementor-widget-container\">\n\t\t\t\t\t\t\t\t\t<p>The team around our sales manager Mrs. K\u00f6ssel and our managing director Mr. Pesavento is already looking forward to the next fair! Until then, we are always available by phone or email for personal consultation.<\/p>\t\t\t\t\t\t\t\t<\/div>\n\t\t\t\t<\/div>\n\t\t\t\t\t<\/div>\n\t\t<\/div>\n\t\t\t\t\t<\/div>\n\t\t<\/section>\n\t\t\t\t<section data-particle_enable=\"false\" data-particle-mobile-disabled=\"false\" class=\"elementor-section elementor-top-section elementor-element elementor-element-55ce8ef elementor-section-boxed elementor-section-height-default elementor-section-height-default\" data-id=\"55ce8ef\" data-element_type=\"section\" data-e-type=\"section\" data-settings=\"{&quot;jet_parallax_layout_list&quot;:[]}\">\n\t\t\t\t\t\t<div class=\"elementor-container elementor-column-gap-default\">\n\t\t\t\t\t<div class=\"elementor-column elementor-col-100 elementor-top-column elementor-element elementor-element-57fa14d\" data-id=\"57fa14d\" data-element_type=\"column\" data-e-type=\"column\">\n\t\t\t<div class=\"elementor-widget-wrap elementor-element-populated\">\n\t\t\t\t\t\t<div class=\"elementor-element elementor-element-80bee50 elementor-widget elementor-widget-text-editor\" data-id=\"80bee50\" data-element_type=\"widget\" data-e-type=\"widget\" data-widget_type=\"text-editor.default\">\n\t\t\t\t<div class=\"elementor-widget-container\">\n\t\t\t\t\t\t\t\t\t<p>Your EPRO Team!<\/p>\t\t\t\t\t\t\t\t<\/div>\n\t\t\t\t<\/div>\n\t\t\t\t\t<\/div>\n\t\t<\/div>\n\t\t\t\t\t<\/div>\n\t\t<\/section>\n\t\t\t\t<\/div>","protected":false},"excerpt":{"rendered":"<p>Danke alle, die uns an unserem Stand besucht haben! Es waren zwei spannende Tage voller interessanter Gespr\u00e4che rund um PET, Recycling und die perfekte Verpackungsl\u00f6sung. Wir lernten viele neue Gesichter und Unternehmen kennen und konnten unsere Kompetenz und unser Know-how als PET-Experte wieder einmal unter Beweis stellen.\u00a0 Das Team rund um unsere Vertriebsleiterin Frau K\u00f6ssel [&hellip;]<\/p>\n","protected":false},"author":7,"featured_media":14009,"comment_status":"open","ping_status":"closed","sticky":false,"template":"","format":"standard","meta":{"inline_featured_image":false,"footnotes":""},"categories":[1],"tags":[676,674,675],"class_list":["post-9375","post","type-post","status-publish","format-standard","has-post-thumbnail","hentry","category-epro-news","tag-cosmetic-business","tag-flaschenhersteller","tag-messe"],"_links":{"self":[{"href":"https:\/\/www.eproplast.com\/en\/wp-json\/wp\/v2\/posts\/9375","targetHints":{"allow":["GET"]}}],"collection":[{"href":"https:\/\/www.eproplast.com\/en\/wp-json\/wp\/v2\/posts"}],"about":[{"href":"https:\/\/www.eproplast.com\/en\/wp-json\/wp\/v2\/types\/post"}],"author":[{"embeddable":true,"href":"https:\/\/www.eproplast.com\/en\/wp-json\/wp\/v2\/users\/7"}],"replies":[{"embeddable":true,"href":"https:\/\/www.eproplast.com\/en\/wp-json\/wp\/v2\/comments?post=9375"}],"version-history":[{"count":0,"href":"https:\/\/www.eproplast.com\/en\/wp-json\/wp\/v2\/posts\/9375\/revisions"}],"wp:featuredmedia":[{"embeddable":true,"href":"https:\/\/www.eproplast.com\/en\/wp-json\/wp\/v2\/media\/14009"}],"wp:attachment":[{"href":"https:\/\/www.eproplast.com\/en\/wp-json\/wp\/v2\/media?parent=9375"}],"wp:term":[{"taxonomy":"category","embeddable":true,"href":"https:\/\/www.eproplast.com\/en\/wp-json\/wp\/v2\/categories?post=9375"},{"taxonomy":"post_tag","embeddable":true,"href":"https:\/\/www.eproplast.com\/en\/wp-json\/wp\/v2\/tags?post=9375"}],"curies":[{"name":"wp","href":"https:\/\/api.w.org\/{rel}","templated":true}]}}