{"id":15744,"date":"2024-01-05T12:42:08","date_gmt":"2024-01-05T11:42:08","guid":{"rendered":"https:\/\/www.eproplast.com\/?p=15744"},"modified":"2024-01-09T08:38:45","modified_gmt":"2024-01-09T07:38:45","slug":"we-at-proplast-no-to-the-plastics-tax","status":"publish","type":"post","link":"https:\/\/www.eproplast.com\/en\/2024\/01\/05\/wir-bei-eproplast-nein-zur-plastiksteuer\/","title":{"rendered":"We at EPROPLAST say NO to the plastic tax!"},"content":{"rendered":"<div data-elementor-type=\"wp-post\" data-elementor-id=\"15744\" class=\"elementor elementor-15744\" data-elementor-post-type=\"post\">\n\t\t\t\t\t\t<section data-particle_enable=\"false\" data-particle-mobile-disabled=\"false\" class=\"elementor-section elementor-top-section elementor-element elementor-element-42fc2a4 elementor-section-boxed elementor-section-height-default elementor-section-height-default\" data-id=\"42fc2a4\" data-element_type=\"section\" data-e-type=\"section\" data-settings=\"{&quot;jet_parallax_layout_list&quot;:[]}\">\n\t\t\t\t\t\t<div class=\"elementor-container elementor-column-gap-default\">\n\t\t\t\t\t<div class=\"elementor-column elementor-col-100 elementor-top-column elementor-element elementor-element-93ce518\" data-id=\"93ce518\" data-element_type=\"column\" data-e-type=\"column\">\n\t\t\t<div class=\"elementor-widget-wrap elementor-element-populated\">\n\t\t\t\t\t\t<div class=\"elementor-element elementor-element-1b159f9 elementor-widget elementor-widget-heading\" data-id=\"1b159f9\" data-element_type=\"widget\" data-e-type=\"widget\" data-widget_type=\"heading.default\">\n\t\t\t\t<div class=\"elementor-widget-container\">\n\t\t\t\t\t<h2 class=\"elementor-heading-title elementor-size-default\">How the plastic tax came about and why a plastic tax does not help the environment, but harms climate protection!<\/h2>\t\t\t\t<\/div>\n\t\t\t\t<\/div>\n\t\t\t\t\t<\/div>\n\t\t<\/div>\n\t\t\t\t\t<\/div>\n\t\t<\/section>\n\t\t\t\t<section data-particle_enable=\"false\" data-particle-mobile-disabled=\"false\" class=\"elementor-section elementor-top-section elementor-element elementor-element-be72433 elementor-section-boxed elementor-section-height-default elementor-section-height-default\" data-id=\"be72433\" data-element_type=\"section\" data-e-type=\"section\" data-settings=\"{&quot;jet_parallax_layout_list&quot;:[]}\">\n\t\t\t\t\t\t<div class=\"elementor-container elementor-column-gap-default\">\n\t\t\t\t\t<div class=\"elementor-column elementor-col-100 elementor-top-column elementor-element elementor-element-d7b1277\" data-id=\"d7b1277\" data-element_type=\"column\" data-e-type=\"column\">\n\t\t\t<div class=\"elementor-widget-wrap elementor-element-populated\">\n\t\t\t\t\t\t<div class=\"elementor-element elementor-element-8652d84 elementor-widget elementor-widget-text-editor\" data-id=\"8652d84\" data-element_type=\"widget\" data-e-type=\"widget\" data-widget_type=\"text-editor.default\">\n\t\t\t\t<div class=\"elementor-widget-container\">\n\t\t\t\t\t\t\t\t\t<p>The German government wants to introduce a plastic tax to plug the budget gap. This hole in the budget has arisen after the Federal Constitutional Court banned the use of coronavirus funds for environmental protection.<\/p><p data-pm-slice=\"1 1 []\">Vorschlag der Regierung zum Stopfen des Haushaltslochs ist, dass eine Plastiksteuer ausschlie\u00dflich f\u00fcr unrecycelte Verpackungen aus reinem Kunststoff erhoben werden soll. Ziel ist es, die EU-Plastikabgabe in H\u00f6he von 1,4 Milliarden Euro pro Jahr nun auf die &#8222;Verursacher&#8220; (Hersteller) umzulegen. Diese EU-Plastikabgabe gibt es bereits seit 2021 und wurde bisher aus dem Staatshaushalt bezahlt.<\/p>\t\t\t\t\t\t\t\t<\/div>\n\t\t\t\t<\/div>\n\t\t\t\t\t<\/div>\n\t\t<\/div>\n\t\t\t\t\t<\/div>\n\t\t<\/section>\n\t\t\t\t<section data-particle_enable=\"false\" data-particle-mobile-disabled=\"false\" class=\"elementor-section elementor-top-section elementor-element elementor-element-6ee568a elementor-section-boxed elementor-section-height-default elementor-section-height-default\" data-id=\"6ee568a\" data-element_type=\"section\" data-e-type=\"section\" data-settings=\"{&quot;jet_parallax_layout_list&quot;:[]}\">\n\t\t\t\t\t\t<div class=\"elementor-container elementor-column-gap-default\">\n\t\t\t\t\t<div class=\"elementor-column elementor-col-100 elementor-top-column elementor-element elementor-element-d56dad1\" data-id=\"d56dad1\" data-element_type=\"column\" data-e-type=\"column\">\n\t\t\t<div class=\"elementor-widget-wrap elementor-element-populated\">\n\t\t\t\t\t\t<div class=\"elementor-element elementor-element-c0a964f elementor-widget elementor-widget-heading\" data-id=\"c0a964f\" data-element_type=\"widget\" data-e-type=\"widget\" data-widget_type=\"heading.default\">\n\t\t\t\t<div class=\"elementor-widget-container\">\n\t\t\t\t\t<h2 class=\"elementor-heading-title elementor-size-default\">What exactly is the plastic levy that has been in place since 2021?<\/h2>\t\t\t\t<\/div>\n\t\t\t\t<\/div>\n\t\t\t\t\t<\/div>\n\t\t<\/div>\n\t\t\t\t\t<\/div>\n\t\t<\/section>\n\t\t\t\t<section data-particle_enable=\"false\" data-particle-mobile-disabled=\"false\" class=\"elementor-section elementor-top-section elementor-element elementor-element-aa944dd elementor-section-boxed elementor-section-height-default elementor-section-height-default\" data-id=\"aa944dd\" data-element_type=\"section\" data-e-type=\"section\" data-settings=\"{&quot;jet_parallax_layout_list&quot;:[]}\">\n\t\t\t\t\t\t<div class=\"elementor-container elementor-column-gap-default\">\n\t\t\t\t\t<div class=\"elementor-column elementor-col-100 elementor-top-column elementor-element elementor-element-1ceaeb8\" data-id=\"1ceaeb8\" data-element_type=\"column\" data-e-type=\"column\">\n\t\t\t<div class=\"elementor-widget-wrap elementor-element-populated\">\n\t\t\t\t\t\t<div class=\"elementor-element elementor-element-603923a elementor-widget elementor-widget-text-editor\" data-id=\"603923a\" data-element_type=\"widget\" data-e-type=\"widget\" data-widget_type=\"text-editor.default\">\n\t\t\t\t<div class=\"elementor-widget-container\">\n\t\t\t\t\t\t\t\t\t<p>The plastic levy is actually a Brexit levy that was introduced after the UK left the EU. The resulting shortfall in the UK's EU contributions was to be made up by increasing contributions from the other member states. In order to successfully implement these increases, they were simply called the plastic levy. This made it look like environmental protection for everyone.<\/p>\t\t\t\t\t\t\t\t<\/div>\n\t\t\t\t<\/div>\n\t\t\t\t\t<\/div>\n\t\t<\/div>\n\t\t\t\t\t<\/div>\n\t\t<\/section>\n\t\t\t\t<section data-particle_enable=\"false\" data-particle-mobile-disabled=\"false\" class=\"elementor-section elementor-top-section elementor-element elementor-element-8f3c580 elementor-section-boxed elementor-section-height-default elementor-section-height-default\" data-id=\"8f3c580\" data-element_type=\"section\" data-e-type=\"section\" data-settings=\"{&quot;jet_parallax_layout_list&quot;:[]}\">\n\t\t\t\t\t\t<div class=\"elementor-container elementor-column-gap-default\">\n\t\t\t\t\t<div class=\"elementor-column elementor-col-100 elementor-top-column elementor-element elementor-element-b505fdb\" data-id=\"b505fdb\" data-element_type=\"column\" data-e-type=\"column\">\n\t\t\t<div class=\"elementor-widget-wrap elementor-element-populated\">\n\t\t\t\t\t\t<div class=\"elementor-element elementor-element-7ae5b08 elementor-widget elementor-widget-heading\" data-id=\"7ae5b08\" data-element_type=\"widget\" data-e-type=\"widget\" data-widget_type=\"heading.default\">\n\t\t\t\t<div class=\"elementor-widget-container\">\n\t\t\t\t\t<h2 class=\"elementor-heading-title elementor-size-default\">What does the introduction of a plastic tax mean for EPROPLAST?<\/h2>\t\t\t\t<\/div>\n\t\t\t\t<\/div>\n\t\t\t\t\t<\/div>\n\t\t<\/div>\n\t\t\t\t\t<\/div>\n\t\t<\/section>\n\t\t\t\t<section data-particle_enable=\"false\" data-particle-mobile-disabled=\"false\" class=\"elementor-section elementor-top-section elementor-element elementor-element-82b58c7 elementor-section-boxed elementor-section-height-default elementor-section-height-default\" data-id=\"82b58c7\" data-element_type=\"section\" data-e-type=\"section\" data-settings=\"{&quot;jet_parallax_layout_list&quot;:[]}\">\n\t\t\t\t\t\t<div class=\"elementor-container elementor-column-gap-default\">\n\t\t\t\t\t<div class=\"elementor-column elementor-col-100 elementor-top-column elementor-element elementor-element-83a8c40\" data-id=\"83a8c40\" data-element_type=\"column\" data-e-type=\"column\">\n\t\t\t<div class=\"elementor-widget-wrap elementor-element-populated\">\n\t\t\t\t\t\t<div class=\"elementor-element elementor-element-81c77b0 elementor-widget elementor-widget-text-editor\" data-id=\"81c77b0\" data-element_type=\"widget\" data-e-type=\"widget\" data-widget_type=\"text-editor.default\">\n\t\t\t\t<div class=\"elementor-widget-container\">\n\t\t\t\t\t\t\t\t\t<p data-pm-slice=\"1 1 []\">Passing on the plastic levy to manufacturers would mean that companies in the plastics industry, including EPROPLAST, would have to pay for the consequences of Brexit and the unconstitutional budget management of the German government.<\/p>\t\t\t\t\t\t\t\t<\/div>\n\t\t\t\t<\/div>\n\t\t\t\t\t<\/div>\n\t\t<\/div>\n\t\t\t\t\t<\/div>\n\t\t<\/section>\n\t\t\t\t<section data-particle_enable=\"false\" data-particle-mobile-disabled=\"false\" class=\"elementor-section elementor-top-section elementor-element elementor-element-a607ba0 elementor-section-boxed elementor-section-height-default elementor-section-height-default\" data-id=\"a607ba0\" data-element_type=\"section\" data-e-type=\"section\" data-settings=\"{&quot;jet_parallax_layout_list&quot;:[]}\">\n\t\t\t\t\t\t<div class=\"elementor-container elementor-column-gap-default\">\n\t\t\t\t\t<div class=\"elementor-column elementor-col-100 elementor-top-column elementor-element elementor-element-3e0c60a\" data-id=\"3e0c60a\" data-element_type=\"column\" data-e-type=\"column\">\n\t\t\t<div class=\"elementor-widget-wrap elementor-element-populated\">\n\t\t\t\t\t\t<div class=\"elementor-element elementor-element-3e6d234 elementor-widget elementor-widget-heading\" data-id=\"3e6d234\" data-element_type=\"widget\" data-e-type=\"widget\" data-widget_type=\"heading.default\">\n\t\t\t\t<div class=\"elementor-widget-container\">\n\t\t\t\t\t<h2 class=\"elementor-heading-title elementor-size-default\">What consequences would a plastic tax have for employers like EPROPLAST?<\/h2>\t\t\t\t<\/div>\n\t\t\t\t<\/div>\n\t\t\t\t\t<\/div>\n\t\t<\/div>\n\t\t\t\t\t<\/div>\n\t\t<\/section>\n\t\t\t\t<section data-particle_enable=\"false\" data-particle-mobile-disabled=\"false\" class=\"elementor-section elementor-top-section elementor-element elementor-element-ba6a9e8 elementor-section-boxed elementor-section-height-default elementor-section-height-default\" data-id=\"ba6a9e8\" data-element_type=\"section\" data-e-type=\"section\" data-settings=\"{&quot;jet_parallax_layout_list&quot;:[]}\">\n\t\t\t\t\t\t<div class=\"elementor-container elementor-column-gap-default\">\n\t\t\t\t\t<div class=\"elementor-column elementor-col-100 elementor-top-column elementor-element elementor-element-57aeddd\" data-id=\"57aeddd\" data-element_type=\"column\" data-e-type=\"column\">\n\t\t\t<div class=\"elementor-widget-wrap elementor-element-populated\">\n\t\t\t\t\t\t<div class=\"elementor-element elementor-element-eb199c0 elementor-widget elementor-widget-text-editor\" data-id=\"eb199c0\" data-element_type=\"widget\" data-e-type=\"widget\" data-widget_type=\"text-editor.default\">\n\t\t\t\t<div class=\"elementor-widget-container\">\n\t\t\t\t\t\t\t\t\t<p>A further burden on plastics processing companies would have serious consequences following the already increased energy prices. After all, innovations and the expansion of the circular economy require high levels of investment, which are more likely to be halted by announcements such as the plastic tax.<\/p><p>EPROPLAST would be at a major competitive disadvantage as a result of a plastic tax, as this tax would only be levied on plastic packaging and not on other packaging materials. As a result, customers would turn away from plastic packaging due to higher prices and turn to other packaging solutions. Falling sales and loss of customer relationships could be further effects.<\/p><p>Many companies might also consider sourcing PET products abroad at more favourable prices, as this tax is generally not levied there.<\/p>\t\t\t\t\t\t\t\t<\/div>\n\t\t\t\t<\/div>\n\t\t\t\t\t<\/div>\n\t\t<\/div>\n\t\t\t\t\t<\/div>\n\t\t<\/section>\n\t\t\t\t<section data-particle_enable=\"false\" data-particle-mobile-disabled=\"false\" class=\"elementor-section elementor-top-section elementor-element elementor-element-a95fd87 elementor-section-boxed elementor-section-height-default elementor-section-height-default\" data-id=\"a95fd87\" data-element_type=\"section\" data-e-type=\"section\" data-settings=\"{&quot;jet_parallax_layout_list&quot;:[]}\">\n\t\t\t\t\t\t<div class=\"elementor-container elementor-column-gap-default\">\n\t\t\t\t\t<div class=\"elementor-column elementor-col-100 elementor-top-column elementor-element elementor-element-5b007f6\" data-id=\"5b007f6\" data-element_type=\"column\" data-e-type=\"column\">\n\t\t\t<div class=\"elementor-widget-wrap elementor-element-populated\">\n\t\t\t\t\t\t<div class=\"elementor-element elementor-element-d496264 elementor-widget elementor-widget-heading\" data-id=\"d496264\" data-element_type=\"widget\" data-e-type=\"widget\" data-widget_type=\"heading.default\">\n\t\t\t\t<div class=\"elementor-widget-container\">\n\t\t\t\t\t<h2 class=\"elementor-heading-title elementor-size-default\">What consequences would a plastic tax have for consumers?<\/h2>\t\t\t\t<\/div>\n\t\t\t\t<\/div>\n\t\t\t\t\t<\/div>\n\t\t<\/div>\n\t\t\t\t\t<\/div>\n\t\t<\/section>\n\t\t\t\t<section data-particle_enable=\"false\" data-particle-mobile-disabled=\"false\" class=\"elementor-section elementor-top-section elementor-element elementor-element-018bae5 elementor-section-boxed elementor-section-height-default elementor-section-height-default\" data-id=\"018bae5\" data-element_type=\"section\" data-e-type=\"section\" data-settings=\"{&quot;jet_parallax_layout_list&quot;:[]}\">\n\t\t\t\t\t\t<div class=\"elementor-container elementor-column-gap-default\">\n\t\t\t\t\t<div class=\"elementor-column elementor-col-100 elementor-top-column elementor-element elementor-element-1947b89\" data-id=\"1947b89\" data-element_type=\"column\" data-e-type=\"column\">\n\t\t\t<div class=\"elementor-widget-wrap elementor-element-populated\">\n\t\t\t\t\t\t<div class=\"elementor-element elementor-element-2466747 elementor-widget elementor-widget-text-editor\" data-id=\"2466747\" data-element_type=\"widget\" data-e-type=\"widget\" data-widget_type=\"text-editor.default\">\n\t\t\t\t<div class=\"elementor-widget-container\">\n\t\t\t\t\t\t\t\t\t<p>A plastic tax would affect the consumer, as companies would have to pass on the costs to the products. The lower income groups would be particularly affected by higher prices, as a further increase in prices would be particularly noticeable for them.<\/p><p>If the plastic levy is financed via the federal budget, i.e. from tax revenue as it has been up to now, the upper income brackets are more likely to be affected due to the tax rates.<\/p>\t\t\t\t\t\t\t\t<\/div>\n\t\t\t\t<\/div>\n\t\t\t\t\t<\/div>\n\t\t<\/div>\n\t\t\t\t\t<\/div>\n\t\t<\/section>\n\t\t\t\t<section data-particle_enable=\"false\" data-particle-mobile-disabled=\"false\" class=\"elementor-section elementor-top-section elementor-element elementor-element-064e40c elementor-section-boxed elementor-section-height-default elementor-section-height-default\" data-id=\"064e40c\" data-element_type=\"section\" data-e-type=\"section\" data-settings=\"{&quot;jet_parallax_layout_list&quot;:[]}\">\n\t\t\t\t\t\t<div class=\"elementor-container elementor-column-gap-default\">\n\t\t\t\t\t<div class=\"elementor-column elementor-col-100 elementor-top-column elementor-element elementor-element-fa53287\" data-id=\"fa53287\" data-element_type=\"column\" data-e-type=\"column\">\n\t\t\t<div class=\"elementor-widget-wrap elementor-element-populated\">\n\t\t\t\t\t\t<div class=\"elementor-element elementor-element-06314ff elementor-widget elementor-widget-heading\" data-id=\"06314ff\" data-element_type=\"widget\" data-e-type=\"widget\" data-widget_type=\"heading.default\">\n\t\t\t\t<div class=\"elementor-widget-container\">\n\t\t\t\t\t<h2 class=\"elementor-heading-title elementor-size-default\">What consequences would a plastic tax have for the environment and climate protection?<\/h2>\t\t\t\t<\/div>\n\t\t\t\t<\/div>\n\t\t\t\t\t<\/div>\n\t\t<\/div>\n\t\t\t\t\t<\/div>\n\t\t<\/section>\n\t\t\t\t<section data-particle_enable=\"false\" data-particle-mobile-disabled=\"false\" class=\"elementor-section elementor-top-section elementor-element elementor-element-6692dba elementor-section-boxed elementor-section-height-default elementor-section-height-default\" data-id=\"6692dba\" data-element_type=\"section\" data-e-type=\"section\" data-settings=\"{&quot;jet_parallax_layout_list&quot;:[]}\">\n\t\t\t\t\t\t<div class=\"elementor-container elementor-column-gap-default\">\n\t\t\t\t\t<div class=\"elementor-column elementor-col-100 elementor-top-column elementor-element elementor-element-c2e243c\" data-id=\"c2e243c\" data-element_type=\"column\" data-e-type=\"column\">\n\t\t\t<div class=\"elementor-widget-wrap elementor-element-populated\">\n\t\t\t\t\t\t<div class=\"elementor-element elementor-element-b1a3302 elementor-widget elementor-widget-text-editor\" data-id=\"b1a3302\" data-element_type=\"widget\" data-e-type=\"widget\" data-widget_type=\"text-editor.default\">\n\t\t\t\t<div class=\"elementor-widget-container\">\n\t\t\t\t\t\t\t\t\t<p>Further costs for the plastics industry could result in a halt to necessary investments in research, development and the expansion of climate protection. This would be a fatal development for the plastics industry and the future of environmental protection in Germany. After all, Germany has been a global role model for decades with its deposit system for disposable and reusable drinks bottles.<\/p><p>Da die Plastiksteuer nur auf Kunststoffverpackungen erhoben werden soll, wird sich der Trend hin zu anderen Verpackungen, die nicht die gleiche, hohe Recyclingf\u00e4higkeit wie Kunststoffe besitzen noch verst\u00e4rken. Schon lange wird dem Verbraucher eingeredet, dass Glas, Papier oder Tetrapak die umweltfreundlichere Wahl sei. Dies stimmt aber schlichtweg nicht.<\/p>\t\t\t\t\t\t\t\t<\/div>\n\t\t\t\t<\/div>\n\t\t\t\t\t<\/div>\n\t\t<\/div>\n\t\t\t\t\t<\/div>\n\t\t<\/section>\n\t\t\t\t<section data-particle_enable=\"false\" data-particle-mobile-disabled=\"false\" class=\"elementor-section elementor-top-section elementor-element elementor-element-f50ad9f elementor-section-boxed elementor-section-height-default elementor-section-height-default\" data-id=\"f50ad9f\" data-element_type=\"section\" data-e-type=\"section\" data-settings=\"{&quot;jet_parallax_layout_list&quot;:[]}\">\n\t\t\t\t\t\t<div class=\"elementor-container elementor-column-gap-default\">\n\t\t\t\t\t<div class=\"elementor-column elementor-col-100 elementor-top-column elementor-element elementor-element-f626dd3\" data-id=\"f626dd3\" data-element_type=\"column\" data-e-type=\"column\">\n\t\t\t<div class=\"elementor-widget-wrap elementor-element-populated\">\n\t\t\t\t\t\t<div class=\"elementor-element elementor-element-e243b3c elementor-widget elementor-widget-heading\" data-id=\"e243b3c\" data-element_type=\"widget\" data-e-type=\"widget\" data-widget_type=\"heading.default\">\n\t\t\t\t<div class=\"elementor-widget-container\">\n\t\t\t\t\t<h2 class=\"elementor-heading-title elementor-size-default\">What are the major advantages of plastic and PET in particular?<\/h2>\t\t\t\t<\/div>\n\t\t\t\t<\/div>\n\t\t\t\t\t<\/div>\n\t\t<\/div>\n\t\t\t\t\t<\/div>\n\t\t<\/section>\n\t\t\t\t<section data-particle_enable=\"false\" data-particle-mobile-disabled=\"false\" class=\"elementor-section elementor-top-section elementor-element elementor-element-25049d8 elementor-section-boxed elementor-section-height-default elementor-section-height-default\" data-id=\"25049d8\" data-element_type=\"section\" data-e-type=\"section\" data-settings=\"{&quot;jet_parallax_layout_list&quot;:[]}\">\n\t\t\t\t\t\t<div class=\"elementor-container elementor-column-gap-default\">\n\t\t\t\t\t<div class=\"elementor-column elementor-col-100 elementor-top-column elementor-element elementor-element-103c48f\" data-id=\"103c48f\" data-element_type=\"column\" data-e-type=\"column\">\n\t\t\t<div class=\"elementor-widget-wrap elementor-element-populated\">\n\t\t\t\t\t\t<div class=\"elementor-element elementor-element-32ee580 elementor-widget elementor-widget-text-editor\" data-id=\"32ee580\" data-element_type=\"widget\" data-e-type=\"widget\" data-widget_type=\"text-editor.default\">\n\t\t\t\t<div class=\"elementor-widget-container\">\n\t\t\t\t\t\t\t\t\t<p>If we take an objective look at the various packaging materials and compare them in terms of recyclability and climate protection, the situation is as follows:<\/p><ul><li>PET packaging, such as that produced by EPROPLAST, is too <strong>100 % recyclable<\/strong>In comparison, composite packaging cannot be recycled as the individual layers can no longer be separated from each other. Composite packaging (such as Tetrapack or paper\/plastic packaging) must be incinerated or chemically recycled at greater expense.<\/li><li>Compared to glass, PET has a <strong>low melting temperature<\/strong> of approx. 300 \u00b0, while glass is melted at approx. 1,400 \u00b0, which has an enormous impact on energy consumption.<\/li><li>PET packaging is also convincing in terms of climate protection thanks to its <strong>light weight<\/strong>which has a positive effect on the CO2 footprint during transport. PET also protects the environment through its <strong>break resistance<\/strong> the resources.<\/li><li>Soot-free inks, mono-material and packaging that has already been optimised in terms of design make the recyclable material <strong>PET is actually the material of the future for packaging<\/strong> with a high contribution to climate protection.<\/li><\/ul>\t\t\t\t\t\t\t\t<\/div>\n\t\t\t\t<\/div>\n\t\t\t\t\t<\/div>\n\t\t<\/div>\n\t\t\t\t\t<\/div>\n\t\t<\/section>\n\t\t\t\t<section data-particle_enable=\"false\" data-particle-mobile-disabled=\"false\" class=\"elementor-section elementor-top-section elementor-element elementor-element-f4e81db elementor-section-boxed elementor-section-height-default elementor-section-height-default\" data-id=\"f4e81db\" data-element_type=\"section\" data-e-type=\"section\" data-settings=\"{&quot;jet_parallax_layout_list&quot;:[]}\">\n\t\t\t\t\t\t<div class=\"elementor-container elementor-column-gap-default\">\n\t\t\t\t\t<div class=\"elementor-column elementor-col-100 elementor-top-column elementor-element elementor-element-f9fa0e1\" data-id=\"f9fa0e1\" data-element_type=\"column\" data-e-type=\"column\">\n\t\t\t<div class=\"elementor-widget-wrap elementor-element-populated\">\n\t\t\t\t\t\t<div class=\"elementor-element elementor-element-cad2dd8 elementor-widget elementor-widget-text-editor\" data-id=\"cad2dd8\" data-element_type=\"widget\" data-e-type=\"widget\" data-widget_type=\"text-editor.default\">\n\t\t\t\t<div class=\"elementor-widget-container\">\n\t\t\t\t\t\t\t\t\t<p>That's why we at EPROPLAST also say <strong>NO to the plastic tax<\/strong>!<\/p>\t\t\t\t\t\t\t\t<\/div>\n\t\t\t\t<\/div>\n\t\t\t\t\t<\/div>\n\t\t<\/div>\n\t\t\t\t\t<\/div>\n\t\t<\/section>\n\t\t\t\t<\/div>","protected":false},"excerpt":{"rendered":"<p>Wie es zu der Plastiksteuer kam und warum eine Plastiksteuer nicht der Umwelt hilft, sondern dem Klimaschutz schadet! Die Bundesregierung m\u00f6chte zum Stopfen des Haushaltslochs eine Plastiksteuer einf\u00fchren. Dieses Haushaltsloch ist entstanden, nachdem das Bundesverfassungsgericht die Nutzung von Corona-Geldern f\u00fcr den Umweltschutz verboten hat. Vorschlag der Regierung zum Stopfen des Haushaltslochs ist, dass eine Plastiksteuer [&hellip;]<\/p>\n","protected":false},"author":7,"featured_media":15757,"comment_status":"open","ping_status":"closed","sticky":false,"template":"","format":"standard","meta":{"inline_featured_image":false,"footnotes":""},"categories":[1],"tags":[698,625,693,700,626,696,694,697,699],"class_list":["post-15744","post","type-post","status-publish","format-standard","has-post-thumbnail","hentry","category-epro-news","tag-abgaben","tag-eproplast","tag-experte","tag-klimaschutz","tag-kunststoffindustrie","tag-plastik","tag-produzent","tag-steuer","tag-umweltschutz"],"_links":{"self":[{"href":"https:\/\/www.eproplast.com\/en\/wp-json\/wp\/v2\/posts\/15744","targetHints":{"allow":["GET"]}}],"collection":[{"href":"https:\/\/www.eproplast.com\/en\/wp-json\/wp\/v2\/posts"}],"about":[{"href":"https:\/\/www.eproplast.com\/en\/wp-json\/wp\/v2\/types\/post"}],"author":[{"embeddable":true,"href":"https:\/\/www.eproplast.com\/en\/wp-json\/wp\/v2\/users\/7"}],"replies":[{"embeddable":true,"href":"https:\/\/www.eproplast.com\/en\/wp-json\/wp\/v2\/comments?post=15744"}],"version-history":[{"count":0,"href":"https:\/\/www.eproplast.com\/en\/wp-json\/wp\/v2\/posts\/15744\/revisions"}],"wp:featuredmedia":[{"embeddable":true,"href":"https:\/\/www.eproplast.com\/en\/wp-json\/wp\/v2\/media\/15757"}],"wp:attachment":[{"href":"https:\/\/www.eproplast.com\/en\/wp-json\/wp\/v2\/media?parent=15744"}],"wp:term":[{"taxonomy":"category","embeddable":true,"href":"https:\/\/www.eproplast.com\/en\/wp-json\/wp\/v2\/categories?post=15744"},{"taxonomy":"post_tag","embeddable":true,"href":"https:\/\/www.eproplast.com\/en\/wp-json\/wp\/v2\/tags?post=15744"}],"curies":[{"name":"wp","href":"https:\/\/api.w.org\/{rel}","templated":true}]}}